{"id":2610,"date":"2026-02-01T14:26:56","date_gmt":"2026-02-01T03:26:56","guid":{"rendered":"https:\/\/www.repaircafe.nc\/?p=2610"},"modified":"2026-02-01T15:48:56","modified_gmt":"2026-02-01T04:48:56","slug":"2025-une-annee-de-transition","status":"publish","type":"post","link":"https:\/\/www.repaircafe.nc\/?p=2610","title":{"rendered":"2025, une ann\u00e9e de transition"},"content":{"rendered":"\n<p>L\u2019ann\u00e9e a \u00e9t\u00e9 marqu\u00e9e par le d\u00e9part d\u00e9finitif de 3 r\u00e9parateurs et le renouvellement presque int\u00e9gral du bureau. Nous avons une pens\u00e9e particuli\u00e8re pour Fred, qui a men\u00e9 la barque du repair caf\u00e9 depuis sa cr\u00e9ation.<\/p>\n\n\n\n<p>Malgr\u00e9 de nombreuses absences au niveau du bureau, l\u2019\u00e9quipe du bureau a organis\u00e9 avec succ\u00e8s chaque \u00e9dition. Il a \u00e9t\u00e9 privil\u00e9gi\u00e9 de rester sur 3 sites connus dans cette p\u00e9riode de changement.<\/p>\n\n\n\n<p>Le Repair Caf\u00e9 a organis\u00e9 en 2025 6 \u00e9ditions sur les 6 pr\u00e9vues initialement. la derni\u00e8re \u00e9dition a \u00e9t\u00e9 labellis\u00e9e sur la semaine de r\u00e9duction des d\u00e9chets par l&rsquo;Ademe Pacifique.<\/p>\n\n\n\n<p>Il y a eu en moyenne 28 objets apport\u00e9s par atelier particiopatif, soit 3 de plus qu\u2019en 2024. Plusieurs n&rsquo;ont pu \u00eatre pris en charge pour arriv\u00e9e tardive.<\/p>\n\n\n\n<p>le taux de r\u00e9ussite reste le m\u00eame, avec la pr\u00e9sence de nombreux observateurs, et de nouveaux membres actifs.<\/p>\n\n\n\n<p> La queue d\u2019attente a \u00e9t\u00e9 cette ann\u00e9e particuli\u00e8rement longue en d\u00e9but d\u2019ann\u00e9e avec 3 ou 4 r\u00e9parateurs pr\u00e9sents. Les horaires d\u2019accueil ont \u00e9t\u00e9 raccourcis et plusieurs objets n\u2019ont pu \u00eatre pris en charge. Une campagne de communication a \u00e9t\u00e9 men\u00e9e afin de promouvoir les missions de l\u2019association et capter de nouvelles bonnes volont\u00e9s&nbsp;: 6 nouveaux membres actifs nous ont rejoints. Merci \u00e0 eux !<\/p>\n\n\n\n<p>2026 sera marqu\u00e9e par la consolidation de l&rsquo;\u00e9quipe d\u2019organisation, et la recherche de locaux \u00e0 investir, 3 des sites 2023 ayant brul\u00e9s. L&rsquo;\u00e9quipe intervient dans le Grand Noum\u00e9a et peut aider \u00e0 la mise en place d&rsquo;autres Repair Caf\u00e9.<\/p>\n\n\n\n<p>N&rsquo;h\u00e9sitez pas \u00e0 nous contacter pour des propositions, soit de locaux, soit de participations \u00e0 des manifestations<\/p>\n\n\n\n<p>contact@repaircafe.nc<\/p>\n","protected":false},"excerpt":{"rendered":"<p>L\u2019ann\u00e9e a \u00e9t\u00e9 marqu\u00e9e par le d\u00e9part d\u00e9finitif de 3 r\u00e9parateurs et le renouvellement presque int\u00e9gral du bureau. Nous avons une pens\u00e9e particuli\u00e8re pour Fred, qui a men\u00e9 la barque du repair caf\u00e9 depuis sa cr\u00e9ation. Malgr\u00e9 de nombreuses absences au niveau du bureau, l\u2019\u00e9quipe du bureau a organis\u00e9 avec succ\u00e8s chaque \u00e9dition. Il a [&hellip;]<\/p>\n","protected":false},"author":17,"featured_media":0,"comment_status":"closed","ping_status":"closed","sticky":false,"template":"","format":"standard","meta":{"footnotes":""},"categories":[4],"tags":[],"class_list":["post-2610","post","type-post","status-publish","format-standard","hentry","category-actualite"],"yoast_head":"<!-- This site is optimized with the Yoast SEO plugin v27.5 - https:\/\/yoast.com\/product\/yoast-seo-wordpress\/ -->\n<title>2025, une ann\u00e9e de transition - Repair Caf\u00e9 Nouvelle-Cal\u00e9donie<\/title>\n<meta name=\"robots\" content=\"index, follow, max-snippet:-1, max-image-preview:large, max-video-preview:-1\" \/>\n<link rel=\"canonical\" href=\"https:\/\/www.repaircafe.nc\/?p=2610\" \/>\n<meta property=\"og:locale\" content=\"fr_FR\" \/>\n<meta property=\"og:type\" content=\"article\" \/>\n<meta property=\"og:title\" content=\"2025, une ann\u00e9e de transition - Repair Caf\u00e9 Nouvelle-Cal\u00e9donie\" \/>\n<meta property=\"og:description\" content=\"L\u2019ann\u00e9e a \u00e9t\u00e9 marqu\u00e9e par le d\u00e9part d\u00e9finitif de 3 r\u00e9parateurs et le renouvellement presque int\u00e9gral du bureau. Nous avons une pens\u00e9e particuli\u00e8re pour Fred, qui a men\u00e9 la barque du repair caf\u00e9 depuis sa cr\u00e9ation. Malgr\u00e9 de nombreuses absences au niveau du bureau, l\u2019\u00e9quipe du bureau a organis\u00e9 avec succ\u00e8s chaque \u00e9dition. Il a [&hellip;]\" \/>\n<meta property=\"og:url\" content=\"https:\/\/www.repaircafe.nc\/?p=2610\" \/>\n<meta property=\"og:site_name\" content=\"Repair Caf\u00e9 Nouvelle-Cal\u00e9donie\" \/>\n<meta property=\"article:published_time\" content=\"2026-02-01T03:26:56+00:00\" \/>\n<meta property=\"article:modified_time\" content=\"2026-02-01T04:48:56+00:00\" \/>\n<meta name=\"author\" content=\"Chantal (reprisage de doudous)\" \/>\n<meta name=\"twitter:card\" content=\"summary_large_image\" \/>\n<meta name=\"twitter:label1\" content=\"\u00c9crit par\" \/>\n\t<meta name=\"twitter:data1\" content=\"Chantal (reprisage de doudous)\" \/>\n\t<meta name=\"twitter:label2\" content=\"Dur\u00e9e de lecture estim\u00e9e\" \/>\n\t<meta name=\"twitter:data2\" content=\"2 minutes\" \/>\n<script type=\"application\/ld+json\" class=\"yoast-schema-graph\">{\"@context\":\"https:\\\/\\\/schema.org\",\"@graph\":[{\"@type\":\"Article\",\"@id\":\"https:\\\/\\\/www.repaircafe.nc\\\/?p=2610#article\",\"isPartOf\":{\"@id\":\"https:\\\/\\\/www.repaircafe.nc\\\/?p=2610\"},\"author\":{\"name\":\"Chantal (reprisage de doudous)\",\"@id\":\"https:\\\/\\\/www.repaircafe.nc\\\/#\\\/schema\\\/person\\\/5257e20f560b27cbe83852bc0ac9823f\"},\"headline\":\"2025, une ann\u00e9e de transition\",\"datePublished\":\"2026-02-01T03:26:56+00:00\",\"dateModified\":\"2026-02-01T04:48:56+00:00\",\"mainEntityOfPage\":{\"@id\":\"https:\\\/\\\/www.repaircafe.nc\\\/?p=2610\"},\"wordCount\":302,\"articleSection\":[\"Actualit\u00e9\"],\"inLanguage\":\"fr-FR\"},{\"@type\":\"WebPage\",\"@id\":\"https:\\\/\\\/www.repaircafe.nc\\\/?p=2610\",\"url\":\"https:\\\/\\\/www.repaircafe.nc\\\/?p=2610\",\"name\":\"2025, une ann\u00e9e de transition - Repair Caf\u00e9 Nouvelle-Cal\u00e9donie\",\"isPartOf\":{\"@id\":\"https:\\\/\\\/www.repaircafe.nc\\\/#website\"},\"datePublished\":\"2026-02-01T03:26:56+00:00\",\"dateModified\":\"2026-02-01T04:48:56+00:00\",\"author\":{\"@id\":\"https:\\\/\\\/www.repaircafe.nc\\\/#\\\/schema\\\/person\\\/5257e20f560b27cbe83852bc0ac9823f\"},\"breadcrumb\":{\"@id\":\"https:\\\/\\\/www.repaircafe.nc\\\/?p=2610#breadcrumb\"},\"inLanguage\":\"fr-FR\",\"potentialAction\":[{\"@type\":\"ReadAction\",\"target\":[\"https:\\\/\\\/www.repaircafe.nc\\\/?p=2610\"]}]},{\"@type\":\"BreadcrumbList\",\"@id\":\"https:\\\/\\\/www.repaircafe.nc\\\/?p=2610#breadcrumb\",\"itemListElement\":[{\"@type\":\"ListItem\",\"position\":1,\"name\":\"Accueil\",\"item\":\"https:\\\/\\\/www.repaircafe.nc\\\/\"},{\"@type\":\"ListItem\",\"position\":2,\"name\":\"2025, une ann\u00e9e de transition\"}]},{\"@type\":\"WebSite\",\"@id\":\"https:\\\/\\\/www.repaircafe.nc\\\/#website\",\"url\":\"https:\\\/\\\/www.repaircafe.nc\\\/\",\"name\":\"Repair Caf\u00e9 Nouvelle-Cal\u00e9donie\",\"description\":\"\",\"potentialAction\":[{\"@type\":\"SearchAction\",\"target\":{\"@type\":\"EntryPoint\",\"urlTemplate\":\"https:\\\/\\\/www.repaircafe.nc\\\/?s={search_term_string}\"},\"query-input\":{\"@type\":\"PropertyValueSpecification\",\"valueRequired\":true,\"valueName\":\"search_term_string\"}}],\"inLanguage\":\"fr-FR\"},{\"@type\":\"Person\",\"@id\":\"https:\\\/\\\/www.repaircafe.nc\\\/#\\\/schema\\\/person\\\/5257e20f560b27cbe83852bc0ac9823f\",\"name\":\"Chantal (reprisage de doudous)\",\"image\":{\"@type\":\"ImageObject\",\"inLanguage\":\"fr-FR\",\"@id\":\"https:\\\/\\\/secure.gravatar.com\\\/avatar\\\/4c0195cab749ff224ef1b301aaf34ff9435dcee53d2b4365dacdfb9eec9b46b5?s=96&d=mm&r=g\",\"url\":\"https:\\\/\\\/secure.gravatar.com\\\/avatar\\\/4c0195cab749ff224ef1b301aaf34ff9435dcee53d2b4365dacdfb9eec9b46b5?s=96&d=mm&r=g\",\"contentUrl\":\"https:\\\/\\\/secure.gravatar.com\\\/avatar\\\/4c0195cab749ff224ef1b301aaf34ff9435dcee53d2b4365dacdfb9eec9b46b5?s=96&d=mm&r=g\",\"caption\":\"Chantal (reprisage de doudous)\"},\"url\":\"https:\\\/\\\/www.repaircafe.nc\\\/?author=17\"}]}<\/script>\n<!-- \/ Yoast SEO plugin. -->","yoast_head_json":{"title":"2025, une ann\u00e9e de transition - Repair Caf\u00e9 Nouvelle-Cal\u00e9donie","robots":{"index":"index","follow":"follow","max-snippet":"max-snippet:-1","max-image-preview":"max-image-preview:large","max-video-preview":"max-video-preview:-1"},"canonical":"https:\/\/www.repaircafe.nc\/?p=2610","og_locale":"fr_FR","og_type":"article","og_title":"2025, une ann\u00e9e de transition - Repair Caf\u00e9 Nouvelle-Cal\u00e9donie","og_description":"L\u2019ann\u00e9e a \u00e9t\u00e9 marqu\u00e9e par le d\u00e9part d\u00e9finitif de 3 r\u00e9parateurs et le renouvellement presque int\u00e9gral du bureau. Nous avons une pens\u00e9e particuli\u00e8re pour Fred, qui a men\u00e9 la barque du repair caf\u00e9 depuis sa cr\u00e9ation. Malgr\u00e9 de nombreuses absences au niveau du bureau, l\u2019\u00e9quipe du bureau a organis\u00e9 avec succ\u00e8s chaque \u00e9dition. Il a [&hellip;]","og_url":"https:\/\/www.repaircafe.nc\/?p=2610","og_site_name":"Repair Caf\u00e9 Nouvelle-Cal\u00e9donie","article_published_time":"2026-02-01T03:26:56+00:00","article_modified_time":"2026-02-01T04:48:56+00:00","author":"Chantal (reprisage de doudous)","twitter_card":"summary_large_image","twitter_misc":{"\u00c9crit par":"Chantal (reprisage de doudous)","Dur\u00e9e de lecture estim\u00e9e":"2 minutes"},"schema":{"@context":"https:\/\/schema.org","@graph":[{"@type":"Article","@id":"https:\/\/www.repaircafe.nc\/?p=2610#article","isPartOf":{"@id":"https:\/\/www.repaircafe.nc\/?p=2610"},"author":{"name":"Chantal (reprisage de doudous)","@id":"https:\/\/www.repaircafe.nc\/#\/schema\/person\/5257e20f560b27cbe83852bc0ac9823f"},"headline":"2025, une ann\u00e9e de transition","datePublished":"2026-02-01T03:26:56+00:00","dateModified":"2026-02-01T04:48:56+00:00","mainEntityOfPage":{"@id":"https:\/\/www.repaircafe.nc\/?p=2610"},"wordCount":302,"articleSection":["Actualit\u00e9"],"inLanguage":"fr-FR"},{"@type":"WebPage","@id":"https:\/\/www.repaircafe.nc\/?p=2610","url":"https:\/\/www.repaircafe.nc\/?p=2610","name":"2025, une ann\u00e9e de transition - Repair Caf\u00e9 Nouvelle-Cal\u00e9donie","isPartOf":{"@id":"https:\/\/www.repaircafe.nc\/#website"},"datePublished":"2026-02-01T03:26:56+00:00","dateModified":"2026-02-01T04:48:56+00:00","author":{"@id":"https:\/\/www.repaircafe.nc\/#\/schema\/person\/5257e20f560b27cbe83852bc0ac9823f"},"breadcrumb":{"@id":"https:\/\/www.repaircafe.nc\/?p=2610#breadcrumb"},"inLanguage":"fr-FR","potentialAction":[{"@type":"ReadAction","target":["https:\/\/www.repaircafe.nc\/?p=2610"]}]},{"@type":"BreadcrumbList","@id":"https:\/\/www.repaircafe.nc\/?p=2610#breadcrumb","itemListElement":[{"@type":"ListItem","position":1,"name":"Accueil","item":"https:\/\/www.repaircafe.nc\/"},{"@type":"ListItem","position":2,"name":"2025, une ann\u00e9e de transition"}]},{"@type":"WebSite","@id":"https:\/\/www.repaircafe.nc\/#website","url":"https:\/\/www.repaircafe.nc\/","name":"Repair Caf\u00e9 Nouvelle-Cal\u00e9donie","description":"","potentialAction":[{"@type":"SearchAction","target":{"@type":"EntryPoint","urlTemplate":"https:\/\/www.repaircafe.nc\/?s={search_term_string}"},"query-input":{"@type":"PropertyValueSpecification","valueRequired":true,"valueName":"search_term_string"}}],"inLanguage":"fr-FR"},{"@type":"Person","@id":"https:\/\/www.repaircafe.nc\/#\/schema\/person\/5257e20f560b27cbe83852bc0ac9823f","name":"Chantal (reprisage de doudous)","image":{"@type":"ImageObject","inLanguage":"fr-FR","@id":"https:\/\/secure.gravatar.com\/avatar\/4c0195cab749ff224ef1b301aaf34ff9435dcee53d2b4365dacdfb9eec9b46b5?s=96&d=mm&r=g","url":"https:\/\/secure.gravatar.com\/avatar\/4c0195cab749ff224ef1b301aaf34ff9435dcee53d2b4365dacdfb9eec9b46b5?s=96&d=mm&r=g","contentUrl":"https:\/\/secure.gravatar.com\/avatar\/4c0195cab749ff224ef1b301aaf34ff9435dcee53d2b4365dacdfb9eec9b46b5?s=96&d=mm&r=g","caption":"Chantal (reprisage de doudous)"},"url":"https:\/\/www.repaircafe.nc\/?author=17"}]}},"_links":{"self":[{"href":"https:\/\/www.repaircafe.nc\/index.php?rest_route=\/wp\/v2\/posts\/2610","targetHints":{"allow":["GET"]}}],"collection":[{"href":"https:\/\/www.repaircafe.nc\/index.php?rest_route=\/wp\/v2\/posts"}],"about":[{"href":"https:\/\/www.repaircafe.nc\/index.php?rest_route=\/wp\/v2\/types\/post"}],"author":[{"embeddable":true,"href":"https:\/\/www.repaircafe.nc\/index.php?rest_route=\/wp\/v2\/users\/17"}],"replies":[{"embeddable":true,"href":"https:\/\/www.repaircafe.nc\/index.php?rest_route=%2Fwp%2Fv2%2Fcomments&post=2610"}],"version-history":[{"count":8,"href":"https:\/\/www.repaircafe.nc\/index.php?rest_route=\/wp\/v2\/posts\/2610\/revisions"}],"predecessor-version":[{"id":2623,"href":"https:\/\/www.repaircafe.nc\/index.php?rest_route=\/wp\/v2\/posts\/2610\/revisions\/2623"}],"wp:attachment":[{"href":"https:\/\/www.repaircafe.nc\/index.php?rest_route=%2Fwp%2Fv2%2Fmedia&parent=2610"}],"wp:term":[{"taxonomy":"category","embeddable":true,"href":"https:\/\/www.repaircafe.nc\/index.php?rest_route=%2Fwp%2Fv2%2Fcategories&post=2610"},{"taxonomy":"post_tag","embeddable":true,"href":"https:\/\/www.repaircafe.nc\/index.php?rest_route=%2Fwp%2Fv2%2Ftags&post=2610"}],"curies":[{"name":"wp","href":"https:\/\/api.w.org\/{rel}","templated":true}]}}